{"id":652,"date":"2020-03-01T23:00:20","date_gmt":"2020-03-01T22:00:20","guid":{"rendered":"http:\/\/constru-care.com\/?p=652"},"modified":"2020-04-19T18:41:05","modified_gmt":"2020-04-19T17:41:05","slug":"journee-des-ouvrages-dart-2020","status":"publish","type":"post","link":"https:\/\/constru-care.com\/en\/journee-des-ouvrages-dart-2020\/","title":{"rendered":"Journ\u00e9e des ouvrages d&rsquo;art 2020"},"content":{"rendered":"<div data-elementor-type=\"wp-post\" data-elementor-id=\"652\" class=\"elementor elementor-652\" data-elementor-post-type=\"post\">\n\t\t\t\t\t\t<section class=\"elementor-section elementor-top-section elementor-element elementor-element-afaa6e7 elementor-section-boxed elementor-section-height-default elementor-section-height-default\" data-id=\"afaa6e7\" data-element_type=\"section\" data-e-type=\"section\">\n\t\t\t\t\t\t<div class=\"elementor-container elementor-column-gap-default\">\n\t\t\t\t\t<div class=\"elementor-column elementor-col-100 elementor-top-column elementor-element elementor-element-8c512b7\" data-id=\"8c512b7\" data-element_type=\"column\" data-e-type=\"column\">\n\t\t\t<div class=\"elementor-widget-wrap elementor-element-populated\">\n\t\t\t\t\t\t<div class=\"elementor-element elementor-element-f1ee5ba elementor-widget elementor-widget-image\" data-id=\"f1ee5ba\" data-element_type=\"widget\" data-e-type=\"widget\" data-widget_type=\"image.default\">\n\t\t\t\t<div class=\"elementor-widget-container\">\n\t\t\t\t\t\t\t\t\t\t\t\t\t\t\t<img decoding=\"async\" src=\"https:\/\/constru-care.com\/wp-content\/uploads\/elementor\/thumbs\/journee_ouvrage_art-oly5iqf9z5t94fxt6xjv44pq6ag0sumhj0f2k6cebs.png\" title=\"journee_ouvrage_art\" alt=\"journee_ouvrage_art\" loading=\"lazy\" \/>\t\t\t\t\t\t\t\t\t\t\t\t\t\t\t<\/div>\n\t\t\t\t<\/div>\n\t\t\t\t\t<\/div>\n\t\t<\/div>\n\t\t\t\t\t<\/div>\n\t\t<\/section>\n\t\t\t\t<section class=\"elementor-section elementor-top-section elementor-element elementor-element-e9dcc4c elementor-section-boxed elementor-section-height-default elementor-section-height-default\" data-id=\"e9dcc4c\" data-element_type=\"section\" data-e-type=\"section\">\n\t\t\t\t\t\t<div class=\"elementor-container elementor-column-gap-default\">\n\t\t\t\t\t<div class=\"elementor-column elementor-col-100 elementor-top-column elementor-element elementor-element-8e8f6e6\" data-id=\"8e8f6e6\" data-element_type=\"column\" data-e-type=\"column\">\n\t\t\t<div class=\"elementor-widget-wrap elementor-element-populated\">\n\t\t\t\t\t\t<div class=\"elementor-element elementor-element-3c1eecb elementor-widget elementor-widget-text-editor\" data-id=\"3c1eecb\" data-element_type=\"widget\" data-e-type=\"widget\" data-widget_type=\"text-editor.default\">\n\t\t\t\t<div class=\"elementor-widget-container\">\n\t\t\t\t\t\t\t\t\t<p class=\"translation-block\">The <strong>Direction of the Expertise of bridges <\/strong> of the Public Service of Wallonia (SPW) organizes its day of the bridges. This annual information day on the management of bridges will be held at the Marcel Hicter \"La Marlagne\" cultural centre in W\u00e9pion.<\/p><p>Cette manifestation est ouverte \u00e0 tous ceux qui, de pr\u00e8s ou de loin, sont concern\u00e9s par la gestion, l\u2019inspection, la conception, la r\u00e9paration\u00a0et l\u2019entretien des ouvrages d\u2019art.<\/p><p>For more information, program and registration, go to the <a href=\"https:\/\/spw.wallonie.be\/journ%C3%A9e-des-ouvrages-d-art-organis%C3%A9e-par-le-service-public-de-wallonie\">SPW Website.<\/a><\/p>\t\t\t\t\t\t\t\t<\/div>\n\t\t\t\t<\/div>\n\t\t\t\t\t<\/div>\n\t\t<\/div>\n\t\t\t\t\t<\/div>\n\t\t<\/section>\n\t\t\t\t<section class=\"elementor-section elementor-top-section elementor-element elementor-element-056227e elementor-section-boxed elementor-section-height-default elementor-section-height-default\" data-id=\"056227e\" data-element_type=\"section\" data-e-type=\"section\">\n\t\t\t\t\t\t<div class=\"elementor-container elementor-column-gap-default\">\n\t\t\t\t\t<div class=\"elementor-column elementor-col-100 elementor-top-column elementor-element elementor-element-abd2b85\" data-id=\"abd2b85\" data-element_type=\"column\" data-e-type=\"column\">\n\t\t\t<div class=\"elementor-widget-wrap elementor-element-populated\">\n\t\t\t\t\t\t<div class=\"elementor-element elementor-element-1182eef elementor-widget-divider--view-line elementor-widget elementor-widget-divider\" data-id=\"1182eef\" data-element_type=\"widget\" data-e-type=\"widget\" data-widget_type=\"divider.default\">\n\t\t\t\t<div class=\"elementor-widget-container\">\n\t\t\t\t\t\t\t<div class=\"elementor-divider\">\n\t\t\t<span class=\"elementor-divider-separator\">\n\t\t\t\t\t\t<\/span>\n\t\t<\/div>\n\t\t\t\t\t\t<\/div>\n\t\t\t\t<\/div>\n\t\t\t\t\t<\/div>\n\t\t<\/div>\n\t\t\t\t\t<\/div>\n\t\t<\/section>\n\t\t\t\t<section class=\"elementor-section elementor-top-section elementor-element elementor-element-3d19412 elementor-section-boxed elementor-section-height-default elementor-section-height-default\" data-id=\"3d19412\" data-element_type=\"section\" data-e-type=\"section\">\n\t\t\t\t\t\t<div class=\"elementor-container elementor-column-gap-default\">\n\t\t\t\t\t<div class=\"elementor-column elementor-col-100 elementor-top-column elementor-element elementor-element-c87c42b\" data-id=\"c87c42b\" data-element_type=\"column\" data-e-type=\"column\">\n\t\t\t<div class=\"elementor-widget-wrap elementor-element-populated\">\n\t\t\t\t\t\t<div class=\"elementor-element elementor-element-a7c14ea elementor-widget elementor-widget-text-editor\" data-id=\"a7c14ea\" data-element_type=\"widget\" data-e-type=\"widget\" data-widget_type=\"text-editor.default\">\n\t\t\t\t<div class=\"elementor-widget-container\">\n\t\t\t\t\t\t\t\t\t<p>See also:<\/p><ul><li>Our<a href=\"https:\/\/constru-care.com\/en\/nos-services\/inspection\/\">\u00a0services d\u2019inspection<\/a><\/li><li>Our\u00a0<a href=\"https:\/\/constru-care.com\/en\/nos-services\/reparation\/\">services de r\u00e9paration<\/a><\/li><li>Our\u00a0<a href=\"https:\/\/constru-care.com\/en\/nos-services\/maintenance\/\">Technical maintenance services<\/a><\/li><li>Our\u00a0<a href=\"https:\/\/constru-care.com\/en\/documentation\/\">documentation<\/a><\/li><li>Back to the\u00a0<a href=\"http:\/\/constru-care.com\/en\/actualite\/\">derni\u00e8res news<\/a><\/li><li>Retour \u00e0 l\u2019<a href=\"https:\/\/constru-care.com\/en\/\">Home<\/a><\/li><\/ul>\t\t\t\t\t\t\t\t<\/div>\n\t\t\t\t<\/div>\n\t\t\t\t\t<\/div>\n\t\t<\/div>\n\t\t\t\t\t<\/div>\n\t\t<\/section>\n\t\t\t\t<\/div>","protected":false},"excerpt":{"rendered":"<p>La\u00a0Direction de l&rsquo;Expertise des Ouvrages\u00a0du Service public de Wallonie organise sa\u00a0journ\u00e9e des ouvrages d&rsquo;art. Cette journ\u00e9e annuelle d&rsquo;informations sur la gestion des ouvrages d&rsquo;art qui se tiendra au centre culturel Marcel Hicter \u00ab\u00a0La Marlagne\u00a0\u00bb \u00e0 W\u00e9pion. Cette manifestation est ouverte \u00e0 tous ceux qui, de pr\u00e8s ou de loin, sont concern\u00e9s par la gestion, l\u2019inspection, [&hellip;]<\/p>\n","protected":false},"author":1,"featured_media":664,"comment_status":"open","ping_status":"closed","sticky":false,"template":"","format":"standard","meta":{"_acf_changed":false,"_monsterinsights_skip_tracking":false,"_monsterinsights_sitenote_active":false,"_monsterinsights_sitenote_note":"","_monsterinsights_sitenote_category":0,"footnotes":""},"categories":[1,7],"tags":[19,17,20],"class_list":{"0":"post-652","1":"post","2":"type-post","3":"status-publish","4":"format-standard","5":"has-post-thumbnail","6":"hentry","7":"category-evenements","8":"category-news","9":"tag-journee-detudes","10":"tag-ouvrage-dart","11":"tag-region-wallonne","13":"post-with-thumbnail","14":"post-with-thumbnail-icon"},"acf":[],"yoast_head":"<!-- This site is optimized with the Yoast SEO plugin v27.5 - https:\/\/yoast.com\/product\/yoast-seo-wordpress\/ -->\n<title>Journ\u00e9e des ouvrages d&#039;art 2020 du SPW | Constru-Care<\/title>\n<meta name=\"description\" content=\"La Journ\u00e9e des Ouvrages d&#039;art est un \u00e9venement incontournable organis\u00e9 annuellement par le Service Public de Wallonie. A ne pas manquer!\" \/>\n<meta name=\"robots\" content=\"index, follow, max-snippet:-1, max-image-preview:large, max-video-preview:-1\" \/>\n<link rel=\"canonical\" href=\"https:\/\/constru-care.com\/en\/journee-des-ouvrages-dart-2020\/\" \/>\n<meta property=\"og:locale\" content=\"en_GB\" \/>\n<meta property=\"og:type\" content=\"article\" \/>\n<meta property=\"og:title\" content=\"Journ\u00e9e des ouvrages d&#039;art 2020 du SPW | Constru-Care\" \/>\n<meta property=\"og:description\" content=\"La Journ\u00e9e des Ouvrages d&#039;art est un \u00e9venement incontournable organis\u00e9 annuellement par le Service Public de Wallonie. A ne pas manquer!\" \/>\n<meta property=\"og:url\" content=\"https:\/\/constru-care.com\/en\/journee-des-ouvrages-dart-2020\/\" \/>\n<meta property=\"og:site_name\" content=\"Constru-Care\" \/>\n<meta property=\"article:published_time\" content=\"2020-03-01T22:00:20+00:00\" \/>\n<meta property=\"article:modified_time\" content=\"2020-04-19T17:41:05+00:00\" \/>\n<meta property=\"og:image\" content=\"https:\/\/constru-care.com\/wp-content\/uploads\/2020\/03\/journee_ouvrage_art.png\" \/>\n\t<meta property=\"og:image:width\" content=\"1134\" \/>\n\t<meta property=\"og:image:height\" content=\"859\" \/>\n\t<meta property=\"og:image:type\" content=\"image\/png\" \/>\n<meta name=\"author\" content=\"David Attas\" \/>\n<meta name=\"twitter:label1\" content=\"Written by\" \/>\n\t<meta name=\"twitter:data1\" content=\"David Attas\" \/>\n\t<meta name=\"twitter:label2\" content=\"Estimated reading time\" \/>\n\t<meta name=\"twitter:data2\" content=\"1 minute\" \/>\n<script type=\"application\/ld+json\" class=\"yoast-schema-graph\">{\"@context\":\"https:\\\/\\\/schema.org\",\"@graph\":[{\"@type\":\"Article\",\"@id\":\"https:\\\/\\\/constru-care.com\\\/fr\\\/journee-des-ouvrages-dart-2020\\\/#article\",\"isPartOf\":{\"@id\":\"https:\\\/\\\/constru-care.com\\\/fr\\\/journee-des-ouvrages-dart-2020\\\/\"},\"author\":{\"name\":\"David Attas\",\"@id\":\"https:\\\/\\\/constru-care.com\\\/#\\\/schema\\\/person\\\/77a4a54746e7c6eece2474c96338c6d0\"},\"headline\":\"Journ\u00e9e des ouvrages d&rsquo;art 2020\",\"datePublished\":\"2020-03-01T22:00:20+00:00\",\"dateModified\":\"2020-04-19T17:41:05+00:00\",\"mainEntityOfPage\":{\"@id\":\"https:\\\/\\\/constru-care.com\\\/fr\\\/journee-des-ouvrages-dart-2020\\\/\"},\"wordCount\":117,\"commentCount\":0,\"publisher\":{\"@id\":\"https:\\\/\\\/constru-care.com\\\/#organization\"},\"image\":{\"@id\":\"https:\\\/\\\/constru-care.com\\\/fr\\\/journee-des-ouvrages-dart-2020\\\/#primaryimage\"},\"thumbnailUrl\":\"https:\\\/\\\/constru-care.com\\\/wp-content\\\/uploads\\\/2020\\\/03\\\/journee_ouvrage_art.png\",\"keywords\":[\"journ\u00e9e d'\u00e9tudes\",\"Ouvrage d'art\",\"R\u00e9gion Wallonne\"],\"articleSection\":[\"\u00c9v\u00e9nements\",\"News\"],\"inLanguage\":\"en-GB\",\"potentialAction\":[{\"@type\":\"CommentAction\",\"name\":\"Comment\",\"target\":[\"https:\\\/\\\/constru-care.com\\\/fr\\\/journee-des-ouvrages-dart-2020\\\/#respond\"]}]},{\"@type\":\"WebPage\",\"@id\":\"https:\\\/\\\/constru-care.com\\\/fr\\\/journee-des-ouvrages-dart-2020\\\/\",\"url\":\"https:\\\/\\\/constru-care.com\\\/fr\\\/journee-des-ouvrages-dart-2020\\\/\",\"name\":\"Journ\u00e9e des ouvrages d'art 2020 du SPW | Constru-Care\",\"isPartOf\":{\"@id\":\"https:\\\/\\\/constru-care.com\\\/#website\"},\"primaryImageOfPage\":{\"@id\":\"https:\\\/\\\/constru-care.com\\\/fr\\\/journee-des-ouvrages-dart-2020\\\/#primaryimage\"},\"image\":{\"@id\":\"https:\\\/\\\/constru-care.com\\\/fr\\\/journee-des-ouvrages-dart-2020\\\/#primaryimage\"},\"thumbnailUrl\":\"https:\\\/\\\/constru-care.com\\\/wp-content\\\/uploads\\\/2020\\\/03\\\/journee_ouvrage_art.png\",\"datePublished\":\"2020-03-01T22:00:20+00:00\",\"dateModified\":\"2020-04-19T17:41:05+00:00\",\"description\":\"La Journ\u00e9e des Ouvrages d'art est un \u00e9venement incontournable organis\u00e9 annuellement par le Service Public de Wallonie. A ne pas manquer!\",\"breadcrumb\":{\"@id\":\"https:\\\/\\\/constru-care.com\\\/fr\\\/journee-des-ouvrages-dart-2020\\\/#breadcrumb\"},\"inLanguage\":\"en-GB\",\"potentialAction\":[{\"@type\":\"ReadAction\",\"target\":[\"https:\\\/\\\/constru-care.com\\\/fr\\\/journee-des-ouvrages-dart-2020\\\/\"]}]},{\"@type\":\"ImageObject\",\"inLanguage\":\"en-GB\",\"@id\":\"https:\\\/\\\/constru-care.com\\\/fr\\\/journee-des-ouvrages-dart-2020\\\/#primaryimage\",\"url\":\"https:\\\/\\\/constru-care.com\\\/wp-content\\\/uploads\\\/2020\\\/03\\\/journee_ouvrage_art.png\",\"contentUrl\":\"https:\\\/\\\/constru-care.com\\\/wp-content\\\/uploads\\\/2020\\\/03\\\/journee_ouvrage_art.png\",\"width\":1134,\"height\":859},{\"@type\":\"BreadcrumbList\",\"@id\":\"https:\\\/\\\/constru-care.com\\\/fr\\\/journee-des-ouvrages-dart-2020\\\/#breadcrumb\",\"itemListElement\":[{\"@type\":\"ListItem\",\"position\":1,\"name\":\"Accueil\",\"item\":\"https:\\\/\\\/constru-care.com\\\/\"},{\"@type\":\"ListItem\",\"position\":2,\"name\":\"Journ\u00e9e des ouvrages d&rsquo;art 2020\"}]},{\"@type\":\"WebSite\",\"@id\":\"https:\\\/\\\/constru-care.com\\\/#website\",\"url\":\"https:\\\/\\\/constru-care.com\\\/\",\"name\":\"Constru-Care\",\"description\":\"Civil and Structural Testing &amp; Engineering\",\"publisher\":{\"@id\":\"https:\\\/\\\/constru-care.com\\\/#organization\"},\"potentialAction\":[{\"@type\":\"SearchAction\",\"target\":{\"@type\":\"EntryPoint\",\"urlTemplate\":\"https:\\\/\\\/constru-care.com\\\/?s={search_term_string}\"},\"query-input\":{\"@type\":\"PropertyValueSpecification\",\"valueRequired\":true,\"valueName\":\"search_term_string\"}}],\"inLanguage\":\"en-GB\"},{\"@type\":\"Organization\",\"@id\":\"https:\\\/\\\/constru-care.com\\\/#organization\",\"name\":\"Constru-Care\",\"url\":\"https:\\\/\\\/constru-care.com\\\/\",\"logo\":{\"@type\":\"ImageObject\",\"inLanguage\":\"en-GB\",\"@id\":\"https:\\\/\\\/constru-care.com\\\/#\\\/schema\\\/logo\\\/image\\\/\",\"url\":\"https:\\\/\\\/constru-care.com\\\/wp-content\\\/uploads\\\/2020\\\/01\\\/website_logo_transparent_background.png\",\"contentUrl\":\"https:\\\/\\\/constru-care.com\\\/wp-content\\\/uploads\\\/2020\\\/01\\\/website_logo_transparent_background.png\",\"width\":841,\"height\":250,\"caption\":\"Constru-Care\"},\"image\":{\"@id\":\"https:\\\/\\\/constru-care.com\\\/#\\\/schema\\\/logo\\\/image\\\/\"}},{\"@type\":\"Person\",\"@id\":\"https:\\\/\\\/constru-care.com\\\/#\\\/schema\\\/person\\\/77a4a54746e7c6eece2474c96338c6d0\",\"name\":\"David Attas\",\"image\":{\"@type\":\"ImageObject\",\"inLanguage\":\"en-GB\",\"@id\":\"https:\\\/\\\/secure.gravatar.com\\\/avatar\\\/41639a83815e9e8d8b9fe631017670e26ddf6459f9b27850033e792a24ec02b4?s=96&d=mm&r=g\",\"url\":\"https:\\\/\\\/secure.gravatar.com\\\/avatar\\\/41639a83815e9e8d8b9fe631017670e26ddf6459f9b27850033e792a24ec02b4?s=96&d=mm&r=g\",\"contentUrl\":\"https:\\\/\\\/secure.gravatar.com\\\/avatar\\\/41639a83815e9e8d8b9fe631017670e26ddf6459f9b27850033e792a24ec02b4?s=96&d=mm&r=g\",\"caption\":\"David Attas\"},\"sameAs\":[\"http:\\\/\\\/wwww.constru-care.com\"],\"url\":\"https:\\\/\\\/constru-care.com\\\/en\\\/author\\\/admin\\\/\"}]}<\/script>\n<!-- \/ Yoast SEO plugin. -->","yoast_head_json":{"title":"Journ\u00e9e des ouvrages d'art 2020 du SPW | Constru-Care","description":"La Journ\u00e9e des Ouvrages d'art est un \u00e9venement incontournable organis\u00e9 annuellement par le Service Public de Wallonie. A ne pas manquer!","robots":{"index":"index","follow":"follow","max-snippet":"max-snippet:-1","max-image-preview":"max-image-preview:large","max-video-preview":"max-video-preview:-1"},"canonical":"https:\/\/constru-care.com\/en\/journee-des-ouvrages-dart-2020\/","og_locale":"en_GB","og_type":"article","og_title":"Journ\u00e9e des ouvrages d'art 2020 du SPW | Constru-Care","og_description":"La Journ\u00e9e des Ouvrages d'art est un \u00e9venement incontournable organis\u00e9 annuellement par le Service Public de Wallonie. A ne pas manquer!","og_url":"https:\/\/constru-care.com\/en\/journee-des-ouvrages-dart-2020\/","og_site_name":"Constru-Care","article_published_time":"2020-03-01T22:00:20+00:00","article_modified_time":"2020-04-19T17:41:05+00:00","og_image":[{"width":1134,"height":859,"url":"https:\/\/constru-care.com\/wp-content\/uploads\/2020\/03\/journee_ouvrage_art.png","type":"image\/png"}],"author":"David Attas","twitter_misc":{"Written by":"David Attas","Estimated reading time":"1 minute"},"schema":{"@context":"https:\/\/schema.org","@graph":[{"@type":"Article","@id":"https:\/\/constru-care.com\/fr\/journee-des-ouvrages-dart-2020\/#article","isPartOf":{"@id":"https:\/\/constru-care.com\/fr\/journee-des-ouvrages-dart-2020\/"},"author":{"name":"David Attas","@id":"https:\/\/constru-care.com\/#\/schema\/person\/77a4a54746e7c6eece2474c96338c6d0"},"headline":"Journ\u00e9e des ouvrages d&rsquo;art 2020","datePublished":"2020-03-01T22:00:20+00:00","dateModified":"2020-04-19T17:41:05+00:00","mainEntityOfPage":{"@id":"https:\/\/constru-care.com\/fr\/journee-des-ouvrages-dart-2020\/"},"wordCount":117,"commentCount":0,"publisher":{"@id":"https:\/\/constru-care.com\/#organization"},"image":{"@id":"https:\/\/constru-care.com\/fr\/journee-des-ouvrages-dart-2020\/#primaryimage"},"thumbnailUrl":"https:\/\/constru-care.com\/wp-content\/uploads\/2020\/03\/journee_ouvrage_art.png","keywords":["journ\u00e9e d'\u00e9tudes","Ouvrage d'art","R\u00e9gion Wallonne"],"articleSection":["\u00c9v\u00e9nements","News"],"inLanguage":"en-GB","potentialAction":[{"@type":"CommentAction","name":"Comment","target":["https:\/\/constru-care.com\/fr\/journee-des-ouvrages-dart-2020\/#respond"]}]},{"@type":"WebPage","@id":"https:\/\/constru-care.com\/fr\/journee-des-ouvrages-dart-2020\/","url":"https:\/\/constru-care.com\/fr\/journee-des-ouvrages-dart-2020\/","name":"Journ\u00e9e des ouvrages d'art 2020 du SPW | Constru-Care","isPartOf":{"@id":"https:\/\/constru-care.com\/#website"},"primaryImageOfPage":{"@id":"https:\/\/constru-care.com\/fr\/journee-des-ouvrages-dart-2020\/#primaryimage"},"image":{"@id":"https:\/\/constru-care.com\/fr\/journee-des-ouvrages-dart-2020\/#primaryimage"},"thumbnailUrl":"https:\/\/constru-care.com\/wp-content\/uploads\/2020\/03\/journee_ouvrage_art.png","datePublished":"2020-03-01T22:00:20+00:00","dateModified":"2020-04-19T17:41:05+00:00","description":"La Journ\u00e9e des Ouvrages d'art est un \u00e9venement incontournable organis\u00e9 annuellement par le Service Public de Wallonie. A ne pas manquer!","breadcrumb":{"@id":"https:\/\/constru-care.com\/fr\/journee-des-ouvrages-dart-2020\/#breadcrumb"},"inLanguage":"en-GB","potentialAction":[{"@type":"ReadAction","target":["https:\/\/constru-care.com\/fr\/journee-des-ouvrages-dart-2020\/"]}]},{"@type":"ImageObject","inLanguage":"en-GB","@id":"https:\/\/constru-care.com\/fr\/journee-des-ouvrages-dart-2020\/#primaryimage","url":"https:\/\/constru-care.com\/wp-content\/uploads\/2020\/03\/journee_ouvrage_art.png","contentUrl":"https:\/\/constru-care.com\/wp-content\/uploads\/2020\/03\/journee_ouvrage_art.png","width":1134,"height":859},{"@type":"BreadcrumbList","@id":"https:\/\/constru-care.com\/fr\/journee-des-ouvrages-dart-2020\/#breadcrumb","itemListElement":[{"@type":"ListItem","position":1,"name":"Accueil","item":"https:\/\/constru-care.com\/"},{"@type":"ListItem","position":2,"name":"Journ\u00e9e des ouvrages d&rsquo;art 2020"}]},{"@type":"WebSite","@id":"https:\/\/constru-care.com\/#website","url":"https:\/\/constru-care.com\/","name":"Constru-Care","description":"Civil and Structural Testing &amp; Engineering","publisher":{"@id":"https:\/\/constru-care.com\/#organization"},"potentialAction":[{"@type":"SearchAction","target":{"@type":"EntryPoint","urlTemplate":"https:\/\/constru-care.com\/?s={search_term_string}"},"query-input":{"@type":"PropertyValueSpecification","valueRequired":true,"valueName":"search_term_string"}}],"inLanguage":"en-GB"},{"@type":"Organization","@id":"https:\/\/constru-care.com\/#organization","name":"Constru-Care","url":"https:\/\/constru-care.com\/","logo":{"@type":"ImageObject","inLanguage":"en-GB","@id":"https:\/\/constru-care.com\/#\/schema\/logo\/image\/","url":"https:\/\/constru-care.com\/wp-content\/uploads\/2020\/01\/website_logo_transparent_background.png","contentUrl":"https:\/\/constru-care.com\/wp-content\/uploads\/2020\/01\/website_logo_transparent_background.png","width":841,"height":250,"caption":"Constru-Care"},"image":{"@id":"https:\/\/constru-care.com\/#\/schema\/logo\/image\/"}},{"@type":"Person","@id":"https:\/\/constru-care.com\/#\/schema\/person\/77a4a54746e7c6eece2474c96338c6d0","name":"David Attas","image":{"@type":"ImageObject","inLanguage":"en-GB","@id":"https:\/\/secure.gravatar.com\/avatar\/41639a83815e9e8d8b9fe631017670e26ddf6459f9b27850033e792a24ec02b4?s=96&d=mm&r=g","url":"https:\/\/secure.gravatar.com\/avatar\/41639a83815e9e8d8b9fe631017670e26ddf6459f9b27850033e792a24ec02b4?s=96&d=mm&r=g","contentUrl":"https:\/\/secure.gravatar.com\/avatar\/41639a83815e9e8d8b9fe631017670e26ddf6459f9b27850033e792a24ec02b4?s=96&d=mm&r=g","caption":"David Attas"},"sameAs":["http:\/\/wwww.constru-care.com"],"url":"https:\/\/constru-care.com\/en\/author\/admin\/"}]}},"_links":{"self":[{"href":"https:\/\/constru-care.com\/en\/wp-json\/wp\/v2\/posts\/652","targetHints":{"allow":["GET"]}}],"collection":[{"href":"https:\/\/constru-care.com\/en\/wp-json\/wp\/v2\/posts"}],"about":[{"href":"https:\/\/constru-care.com\/en\/wp-json\/wp\/v2\/types\/post"}],"author":[{"embeddable":true,"href":"https:\/\/constru-care.com\/en\/wp-json\/wp\/v2\/users\/1"}],"replies":[{"embeddable":true,"href":"https:\/\/constru-care.com\/en\/wp-json\/wp\/v2\/comments?post=652"}],"version-history":[{"count":10,"href":"https:\/\/constru-care.com\/en\/wp-json\/wp\/v2\/posts\/652\/revisions"}],"predecessor-version":[{"id":896,"href":"https:\/\/constru-care.com\/en\/wp-json\/wp\/v2\/posts\/652\/revisions\/896"}],"wp:featuredmedia":[{"embeddable":true,"href":"https:\/\/constru-care.com\/en\/wp-json\/wp\/v2\/media\/664"}],"wp:attachment":[{"href":"https:\/\/constru-care.com\/en\/wp-json\/wp\/v2\/media?parent=652"}],"wp:term":[{"taxonomy":"category","embeddable":true,"href":"https:\/\/constru-care.com\/en\/wp-json\/wp\/v2\/categories?post=652"},{"taxonomy":"post_tag","embeddable":true,"href":"https:\/\/constru-care.com\/en\/wp-json\/wp\/v2\/tags?post=652"}],"curies":[{"name":"wp","href":"https:\/\/api.w.org\/{rel}","templated":true}]}}